{"id":249,"date":"2022-12-03T19:39:53","date_gmt":"2022-12-03T19:39:53","guid":{"rendered":"https:\/\/www.fesc.edu.co\/micrositios\/logistica\/?p=249"},"modified":"2025-02-14T21:39:35","modified_gmt":"2025-02-15T02:39:35","slug":"logistica-empresarial-en-la-semana-de-ciencia-e-innovacion","status":"publish","type":"post","link":"https:\/\/www.fesc.edu.co\/micrositios\/logistica\/2022\/12\/03\/logistica-empresarial-en-la-semana-de-ciencia-e-innovacion\/","title":{"rendered":"LOG\u00cdSTICA EMPRESARIAL EN LA SEMANA DE CIENCIA E INNOVACI\u00d3N"},"content":{"rendered":"\t\t<div data-elementor-type=\"wp-post\" data-elementor-id=\"249\" class=\"elementor elementor-249\" data-elementor-post-type=\"post\">\n\t\t\t\t\t\t<section class=\"elementor-section elementor-top-section elementor-element elementor-element-38d3309 elementor-section-boxed elementor-section-height-default elementor-section-height-default\" data-id=\"38d3309\" data-element_type=\"section\" data-e-type=\"section\">\n\t\t\t\t\t\t<div class=\"elementor-container elementor-column-gap-default\">\n\t\t\t\t\t<div class=\"elementor-column elementor-col-100 elementor-top-column elementor-element elementor-element-d2bfcd5\" data-id=\"d2bfcd5\" data-element_type=\"column\" data-e-type=\"column\">\n\t\t\t<div class=\"elementor-widget-wrap elementor-element-populated\">\n\t\t\t\t\t\t<div class=\"elementor-element elementor-element-d642ba8 elementor-widget elementor-widget-heading\" data-id=\"d642ba8\" data-element_type=\"widget\" data-e-type=\"widget\" data-widget_type=\"heading.default\">\n\t\t\t\t<div class=\"elementor-widget-container\">\n\t\t\t\t\t<h3 class=\"elementor-heading-title elementor-size-default\">Log\u00edstica Empresarial en la Semana de Ciencia e Innovaci\u00f3n\n<\/h3>\t\t\t\t<\/div>\n\t\t\t\t<\/div>\n\t\t\t\t\t<\/div>\n\t\t<\/div>\n\t\t\t\t\t<\/div>\n\t\t<\/section>\n\t\t\t\t<section class=\"elementor-section elementor-top-section elementor-element elementor-element-b68c4d2 elementor-section-boxed elementor-section-height-default elementor-section-height-default\" data-id=\"b68c4d2\" data-element_type=\"section\" data-e-type=\"section\">\n\t\t\t\t\t\t<div class=\"elementor-container elementor-column-gap-default\">\n\t\t\t\t\t<div class=\"elementor-column elementor-col-100 elementor-top-column elementor-element elementor-element-fc170d3\" data-id=\"fc170d3\" data-element_type=\"column\" data-e-type=\"column\">\n\t\t\t<div class=\"elementor-widget-wrap elementor-element-populated\">\n\t\t\t\t\t\t<div class=\"elementor-element elementor-element-19bf401 elementor-widget elementor-widget-text-editor\" data-id=\"19bf401\" data-element_type=\"widget\" data-e-type=\"widget\" data-widget_type=\"text-editor.default\">\n\t\t\t\t<div class=\"elementor-widget-container\">\n\t\t\t\t\t\t\t\t\tLos estudiantes Josue David Mongui Ardila y Jos\u00e9 Anselmo Rodr\u00edguez del programa Log\u00edstica Empresarial (Modalidad Virtual), participaron en la 9na Semana Internacional de Ciencia, Tecnolog\u00eda e Innovaci\u00f3n, a trav\u00e9s del semillero de investigaci\u00f3n PROINFE.\n\nDurante la actividad, el director de programa, Juli\u00e1n David G\u00f3mez Gelvez, acompa\u00f1\u00f3 a los estudiantes y afirm\u00f3 que \u201cestos espacios son propicios para fortalecer las capacidades y aprendizajes de los estudiantes\u201d, destac\u00f3, adem\u00e1s, el compromiso desarrollar con m\u00e1s frecuencia estos encuentros de interacci\u00f3n y retroalimentaci\u00f3n de conocimientos.\n\nLa ponencia que presentaron fue \u201cLa Gesti\u00f3n Log\u00edstica de las PYMES del sector tecnol\u00f3gico en el departamento de Norte de Santander como proceso de toma de decisiones de los clientes\u201d, con la que tuvieron la oportunidad de demostrar y poner en pr\u00e1ctica lo aprendido durante su proceso formativo. 01 de diciembre de 2022\t\t\t\t\t\t\t\t<\/div>\n\t\t\t\t<\/div>\n\t\t\t\t\t<\/div>\n\t\t<\/div>\n\t\t\t\t\t<\/div>\n\t\t<\/section>\n\t\t\t\t<section class=\"elementor-section elementor-top-section elementor-element elementor-element-2038e02 elementor-section-boxed elementor-section-height-default elementor-section-height-default\" data-id=\"2038e02\" data-element_type=\"section\" data-e-type=\"section\">\n\t\t\t\t\t\t<div class=\"elementor-container elementor-column-gap-default\">\n\t\t\t\t\t<div class=\"elementor-column elementor-col-100 elementor-top-column elementor-element elementor-element-a4925c1\" data-id=\"a4925c1\" data-element_type=\"column\" data-e-type=\"column\">\n\t\t\t<div class=\"elementor-widget-wrap elementor-element-populated\">\n\t\t\t\t\t\t<div class=\"elementor-element elementor-element-a8c7abb elementor-arrows-position-inside elementor-pagination-position-outside elementor-widget elementor-widget-image-carousel\" data-id=\"a8c7abb\" data-element_type=\"widget\" data-e-type=\"widget\" data-settings=\"{&quot;slides_to_show&quot;:&quot;2&quot;,&quot;navigation&quot;:&quot;both&quot;,&quot;autoplay&quot;:&quot;yes&quot;,&quot;pause_on_hover&quot;:&quot;yes&quot;,&quot;pause_on_interaction&quot;:&quot;yes&quot;,&quot;autoplay_speed&quot;:5000,&quot;infinite&quot;:&quot;yes&quot;,&quot;speed&quot;:500}\" data-widget_type=\"image-carousel.default\">\n\t\t\t\t<div class=\"elementor-widget-container\">\n\t\t\t\t\t\t\t<div class=\"elementor-image-carousel-wrapper swiper\" role=\"region\" aria-roledescription=\"carousel\" aria-label=\"Carrusel de im\u00e1genes\" dir=\"ltr\">\n\t\t\t<div class=\"elementor-image-carousel swiper-wrapper\" aria-live=\"off\">\n\t\t\t\t\t\t\t\t<div class=\"swiper-slide\" role=\"group\" aria-roledescription=\"slide\" aria-label=\"1 de 5\"><figure class=\"swiper-slide-inner\"><img decoding=\"async\" class=\"swiper-slide-image\" src=\"https:\/\/www.fesc.edu.co\/micrositios\/logistica\/wp-content\/uploads\/sites\/19\/2025\/02\/cien-inova-2022-01.jpg\" alt=\"cien-inova-2022-01\" \/><\/figure><\/div><div class=\"swiper-slide\" role=\"group\" aria-roledescription=\"slide\" aria-label=\"2 de 5\"><figure class=\"swiper-slide-inner\"><img decoding=\"async\" class=\"swiper-slide-image\" src=\"https:\/\/www.fesc.edu.co\/micrositios\/logistica\/wp-content\/uploads\/sites\/19\/2025\/02\/cien-inova-2022-02.jpg\" alt=\"cien-inova-2022-02\" \/><\/figure><\/div><div class=\"swiper-slide\" role=\"group\" aria-roledescription=\"slide\" aria-label=\"3 de 5\"><figure class=\"swiper-slide-inner\"><img decoding=\"async\" class=\"swiper-slide-image\" src=\"https:\/\/www.fesc.edu.co\/micrositios\/logistica\/wp-content\/uploads\/sites\/19\/2025\/02\/cien-inova-2022-03z.jpg\" alt=\"cien-inova-2022-03z\" \/><\/figure><\/div><div class=\"swiper-slide\" role=\"group\" aria-roledescription=\"slide\" aria-label=\"4 de 5\"><figure class=\"swiper-slide-inner\"><img decoding=\"async\" class=\"swiper-slide-image\" src=\"https:\/\/www.fesc.edu.co\/micrositios\/logistica\/wp-content\/uploads\/sites\/19\/2025\/02\/cien-inova-2022-04.jpg\" alt=\"cien-inova-2022-04\" \/><\/figure><\/div><div class=\"swiper-slide\" role=\"group\" aria-roledescription=\"slide\" aria-label=\"5 de 5\"><figure class=\"swiper-slide-inner\"><img decoding=\"async\" class=\"swiper-slide-image\" src=\"https:\/\/www.fesc.edu.co\/micrositios\/logistica\/wp-content\/uploads\/sites\/19\/2025\/02\/cien-inova-2022-04x.jpg\" alt=\"cien-inova-2022-04x\" \/><\/figure><\/div>\t\t\t<\/div>\n\t\t\t\t\t\t\t\t\t\t\t\t<div class=\"elementor-swiper-button elementor-swiper-button-prev\" role=\"button\" tabindex=\"0\">\n\t\t\t\t\t\t<i aria-hidden=\"true\" class=\"eicon-chevron-left\"><\/i>\t\t\t\t\t<\/div>\n\t\t\t\t\t<div class=\"elementor-swiper-button elementor-swiper-button-next\" role=\"button\" tabindex=\"0\">\n\t\t\t\t\t\t<i aria-hidden=\"true\" class=\"eicon-chevron-right\"><\/i>\t\t\t\t\t<\/div>\n\t\t\t\t\n\t\t\t\t\t\t\t\t\t<div class=\"swiper-pagination\"><\/div>\n\t\t\t\t\t\t\t\t\t<\/div>\n\t\t\t\t\t\t<\/div>\n\t\t\t\t<\/div>\n\t\t\t\t\t<\/div>\n\t\t<\/div>\n\t\t\t\t\t<\/div>\n\t\t<\/section>\n\t\t\t\t<\/div>\n\t\t","protected":false},"excerpt":{"rendered":"<p>Log\u00edstica Empresarial en la Semana de Ciencia e Innovaci\u00f3n Los estudiantes Josue David Mongui Ardila y Jos\u00e9 Anselmo Rodr\u00edguez del programa Log\u00edstica Empresarial (Modalidad Virtual), participaron en la 9na Semana Internacional de Ciencia, Tecnolog\u00eda e Innovaci\u00f3n, a trav\u00e9s del semillero de investigaci\u00f3n PROINFE. Durante la actividad, el director de programa, Juli\u00e1n David G\u00f3mez Gelvez, acompa\u00f1\u00f3&hellip; <a class=\"more-link\" href=\"https:\/\/www.fesc.edu.co\/micrositios\/logistica\/2022\/12\/03\/logistica-empresarial-en-la-semana-de-ciencia-e-innovacion\/\">Seguir leyendo <span class=\"screen-reader-text\">LOG\u00cdSTICA EMPRESARIAL EN LA SEMANA DE CIENCIA E INNOVACI\u00d3N<\/span><\/a><\/p>\n","protected":false},"author":1,"featured_media":1026,"comment_status":"open","ping_status":"open","sticky":false,"template":"elementor_header_footer","format":"standard","meta":{"footnotes":""},"categories":[3],"tags":[],"class_list":["post-249","post","type-post","status-publish","format-standard","has-post-thumbnail","hentry","category-noticias-logistica-empresarial","entry"],"_links":{"self":[{"href":"https:\/\/www.fesc.edu.co\/micrositios\/logistica\/wp-json\/wp\/v2\/posts\/249","targetHints":{"allow":["GET"]}}],"collection":[{"href":"https:\/\/www.fesc.edu.co\/micrositios\/logistica\/wp-json\/wp\/v2\/posts"}],"about":[{"href":"https:\/\/www.fesc.edu.co\/micrositios\/logistica\/wp-json\/wp\/v2\/types\/post"}],"author":[{"embeddable":true,"href":"https:\/\/www.fesc.edu.co\/micrositios\/logistica\/wp-json\/wp\/v2\/users\/1"}],"replies":[{"embeddable":true,"href":"https:\/\/www.fesc.edu.co\/micrositios\/logistica\/wp-json\/wp\/v2\/comments?post=249"}],"version-history":[{"count":4,"href":"https:\/\/www.fesc.edu.co\/micrositios\/logistica\/wp-json\/wp\/v2\/posts\/249\/revisions"}],"predecessor-version":[{"id":1035,"href":"https:\/\/www.fesc.edu.co\/micrositios\/logistica\/wp-json\/wp\/v2\/posts\/249\/revisions\/1035"}],"wp:featuredmedia":[{"embeddable":true,"href":"https:\/\/www.fesc.edu.co\/micrositios\/logistica\/wp-json\/wp\/v2\/media\/1026"}],"wp:attachment":[{"href":"https:\/\/www.fesc.edu.co\/micrositios\/logistica\/wp-json\/wp\/v2\/media?parent=249"}],"wp:term":[{"taxonomy":"category","embeddable":true,"href":"https:\/\/www.fesc.edu.co\/micrositios\/logistica\/wp-json\/wp\/v2\/categories?post=249"},{"taxonomy":"post_tag","embeddable":true,"href":"https:\/\/www.fesc.edu.co\/micrositios\/logistica\/wp-json\/wp\/v2\/tags?post=249"}],"curies":[{"name":"wp","href":"https:\/\/api.w.org\/{rel}","templated":true}]}}